{"id":725,"date":"2019-09-20T09:21:29","date_gmt":"2019-09-20T09:21:29","guid":{"rendered":"http:\/\/www.claudia-lampert.de\/?p=725"},"modified":"2023-08-23T14:00:54","modified_gmt":"2023-08-23T14:00:54","slug":"eu-kids-online-in-berlin","status":"publish","type":"post","link":"https:\/\/www.claudia-lampert.de\/?p=725","title":{"rendered":"EU Kids Online in Berlin"},"content":{"rendered":"\n<p>Am 19. September haben wir die Ergebnisse aus unserer EU Kids Online-Befragung &#8222;Online-Erfahrungen von 9- bis 17-J\u00e4hrigen&#8220; in Berlin vorgestellt. Die Studie wurde gef\u00f6rdert von UNICEF, der Telekom-Stiftung, dem Medienp\u00e4dagogischen Forschungsverbund S\u00fcdwest (mpfs) sowie der Nieders\u00e4chsischen Landesmedienanstalt (NLM). Anl\u00e4sslich des Welt-Kindertages am 20. September hatte UNICEF eigens eine Pressekonferenz organisiert. Die Ergebnisse sind unter dem Link<strong> <a href=\"https:\/\/www.leibniz-hbi.de\/uploads\/media\/Publikationen\/cms\/media\/s3lt3j7_EUKO_Bericht_DE_190917.pdf\">www.leibniz-hbi.de\/uploads\/media\/Publikationen\/cms\/media\/s3lt3j7_EUKO_Bericht_DE_190917.pdf<\/a> <\/strong>zu finden<strong>.<\/strong> <\/p>\n\n\n\n<p><\/p>\n","protected":false},"excerpt":{"rendered":"<p>Am 19. September haben wir die Ergebnisse aus unserer EU Kids Online-Befragung &#8222;Online-Erfahrungen von 9- bis 17-J\u00e4hrigen&#8220; in Berlin vorgestellt. Die Studie wurde gef\u00f6rdert von UNICEF, der Telekom-Stiftung, dem Medienp\u00e4dagogischen Forschungsverbund S\u00fcdwest (mpfs) sowie der Nieders\u00e4chsischen Landesmedienanstalt (NLM). Anl\u00e4sslich des Welt-Kindertages am 20. September hatte UNICEF eigens eine Pressekonferenz organisiert. <a class=\"more-link\" href=\"https:\/\/www.claudia-lampert.de\/?p=725\">Weiterlesen\u00a0\u2026<\/a><\/p>\n","protected":false},"author":1,"featured_media":729,"comment_status":"closed","ping_status":"closed","sticky":false,"template":"","format":"standard","meta":[],"categories":[1],"tags":[34,33,35],"yoast_head":"<!-- This site is optimized with the Yoast SEO plugin v20.12 - https:\/\/yoast.com\/wordpress\/plugins\/seo\/ -->\n<title>EU Kids Online in Berlin - Claudia Lampert<\/title>\n<meta name=\"robots\" content=\"index, follow, max-snippet:-1, max-image-preview:large, max-video-preview:-1\" \/>\n<link rel=\"canonical\" href=\"https:\/\/www.claudia-lampert.de\/?p=725\" \/>\n<meta property=\"og:locale\" content=\"de_DE\" \/>\n<meta property=\"og:type\" content=\"article\" \/>\n<meta property=\"og:title\" content=\"EU Kids Online in Berlin - Claudia Lampert\" \/>\n<meta property=\"og:description\" content=\"Am 19. September haben wir die Ergebnisse aus unserer EU Kids Online-Befragung &quot;Online-Erfahrungen von 9- bis 17-J\u00e4hrigen&quot; in Berlin vorgestellt. Die Studie wurde gef\u00f6rdert von UNICEF, der Telekom-Stiftung, dem Medienp\u00e4dagogischen Forschungsverbund S\u00fcdwest (mpfs) sowie der Nieders\u00e4chsischen Landesmedienanstalt (NLM). Anl\u00e4sslich des Welt-Kindertages am 20. September hatte UNICEF eigens eine Pressekonferenz organisiert. Weiterlesen\u00a0\u2026\" \/>\n<meta property=\"og:url\" content=\"https:\/\/www.claudia-lampert.de\/?p=725\" \/>\n<meta property=\"og:site_name\" content=\"Claudia Lampert\" \/>\n<meta property=\"article:published_time\" content=\"2019-09-20T09:21:29+00:00\" \/>\n<meta property=\"article:modified_time\" content=\"2023-08-23T14:00:54+00:00\" \/>\n<meta property=\"og:image\" content=\"https:\/\/www.claudia-lampert.de\/wp-content\/uploads\/2019\/09\/EUKidsOnlinePK_Berlin_2019-09-19-e1692799186266.jpg\" \/>\n\t<meta property=\"og:image:width\" content=\"292\" \/>\n\t<meta property=\"og:image:height\" content=\"292\" \/>\n\t<meta property=\"og:image:type\" content=\"image\/jpeg\" \/>\n<meta name=\"author\" content=\"CL\" \/>\n<meta name=\"twitter:card\" content=\"summary_large_image\" \/>\n<meta name=\"twitter:label1\" content=\"Verfasst von\" \/>\n\t<meta name=\"twitter:data1\" content=\"CL\" \/>\n\t<meta name=\"twitter:label2\" content=\"Gesch\u00e4tzte Lesezeit\" \/>\n\t<meta name=\"twitter:data2\" content=\"1\u00a0Minute\" \/>\n<script type=\"application\/ld+json\" class=\"yoast-schema-graph\">{\"@context\":\"https:\/\/schema.org\",\"@graph\":[{\"@type\":\"Article\",\"@id\":\"https:\/\/www.claudia-lampert.de\/?p=725#article\",\"isPartOf\":{\"@id\":\"https:\/\/www.claudia-lampert.de\/?p=725\"},\"author\":{\"name\":\"CL\",\"@id\":\"https:\/\/www.claudia-lampert.de\/#\/schema\/person\/d9a1e59b876efa33489dac1efc9bc1da\"},\"headline\":\"EU Kids Online in Berlin\",\"datePublished\":\"2019-09-20T09:21:29+00:00\",\"dateModified\":\"2023-08-23T14:00:54+00:00\",\"mainEntityOfPage\":{\"@id\":\"https:\/\/www.claudia-lampert.de\/?p=725\"},\"wordCount\":82,\"publisher\":{\"@id\":\"https:\/\/www.claudia-lampert.de\/#\/schema\/person\/d9a1e59b876efa33489dac1efc9bc1da\"},\"keywords\":[\"EUKidsOnline\",\"Kinder und Medien\",\"Studie\"],\"inLanguage\":\"de\"},{\"@type\":\"WebPage\",\"@id\":\"https:\/\/www.claudia-lampert.de\/?p=725\",\"url\":\"https:\/\/www.claudia-lampert.de\/?p=725\",\"name\":\"EU Kids Online in Berlin - Claudia Lampert\",\"isPartOf\":{\"@id\":\"https:\/\/www.claudia-lampert.de\/#website\"},\"datePublished\":\"2019-09-20T09:21:29+00:00\",\"dateModified\":\"2023-08-23T14:00:54+00:00\",\"breadcrumb\":{\"@id\":\"https:\/\/www.claudia-lampert.de\/?p=725#breadcrumb\"},\"inLanguage\":\"de\",\"potentialAction\":[{\"@type\":\"ReadAction\",\"target\":[\"https:\/\/www.claudia-lampert.de\/?p=725\"]}]},{\"@type\":\"BreadcrumbList\",\"@id\":\"https:\/\/www.claudia-lampert.de\/?p=725#breadcrumb\",\"itemListElement\":[{\"@type\":\"ListItem\",\"position\":1,\"name\":\"Startseite\",\"item\":\"https:\/\/www.claudia-lampert.de\/\"},{\"@type\":\"ListItem\",\"position\":2,\"name\":\"EU Kids Online in Berlin\"}]},{\"@type\":\"WebSite\",\"@id\":\"https:\/\/www.claudia-lampert.de\/#website\",\"url\":\"https:\/\/www.claudia-lampert.de\/\",\"name\":\"Claudia Lampert\",\"description\":\"\",\"publisher\":{\"@id\":\"https:\/\/www.claudia-lampert.de\/#\/schema\/person\/d9a1e59b876efa33489dac1efc9bc1da\"},\"potentialAction\":[{\"@type\":\"SearchAction\",\"target\":{\"@type\":\"EntryPoint\",\"urlTemplate\":\"https:\/\/www.claudia-lampert.de\/?s={search_term_string}\"},\"query-input\":\"required name=search_term_string\"}],\"inLanguage\":\"de\"},{\"@type\":[\"Person\",\"Organization\"],\"@id\":\"https:\/\/www.claudia-lampert.de\/#\/schema\/person\/d9a1e59b876efa33489dac1efc9bc1da\",\"name\":\"CL\",\"image\":{\"@type\":\"ImageObject\",\"inLanguage\":\"de\",\"@id\":\"https:\/\/www.claudia-lampert.de\/#\/schema\/person\/image\/\",\"url\":\"https:\/\/www.claudia-lampert.de\/wp-content\/uploads\/2020\/04\/logo_cl-scaled.jpg\",\"contentUrl\":\"https:\/\/www.claudia-lampert.de\/wp-content\/uploads\/2020\/04\/logo_cl-scaled.jpg\",\"width\":2414,\"height\":2560,\"caption\":\"CL\"},\"logo\":{\"@id\":\"https:\/\/www.claudia-lampert.de\/#\/schema\/person\/image\/\"},\"url\":\"https:\/\/www.claudia-lampert.de\/?author=1\"}]}<\/script>\n<!-- \/ Yoast SEO plugin. -->","yoast_head_json":{"title":"EU Kids Online in Berlin - Claudia Lampert","robots":{"index":"index","follow":"follow","max-snippet":"max-snippet:-1","max-image-preview":"max-image-preview:large","max-video-preview":"max-video-preview:-1"},"canonical":"https:\/\/www.claudia-lampert.de\/?p=725","og_locale":"de_DE","og_type":"article","og_title":"EU Kids Online in Berlin - Claudia Lampert","og_description":"Am 19. September haben wir die Ergebnisse aus unserer EU Kids Online-Befragung \"Online-Erfahrungen von 9- bis 17-J\u00e4hrigen\" in Berlin vorgestellt. Die Studie wurde gef\u00f6rdert von UNICEF, der Telekom-Stiftung, dem Medienp\u00e4dagogischen Forschungsverbund S\u00fcdwest (mpfs) sowie der Nieders\u00e4chsischen Landesmedienanstalt (NLM). Anl\u00e4sslich des Welt-Kindertages am 20. September hatte UNICEF eigens eine Pressekonferenz organisiert. Weiterlesen\u00a0\u2026","og_url":"https:\/\/www.claudia-lampert.de\/?p=725","og_site_name":"Claudia Lampert","article_published_time":"2019-09-20T09:21:29+00:00","article_modified_time":"2023-08-23T14:00:54+00:00","og_image":[{"width":292,"height":292,"url":"https:\/\/www.claudia-lampert.de\/wp-content\/uploads\/2019\/09\/EUKidsOnlinePK_Berlin_2019-09-19-e1692799186266.jpg","type":"image\/jpeg"}],"author":"CL","twitter_card":"summary_large_image","twitter_misc":{"Verfasst von":"CL","Gesch\u00e4tzte Lesezeit":"1\u00a0Minute"},"schema":{"@context":"https:\/\/schema.org","@graph":[{"@type":"Article","@id":"https:\/\/www.claudia-lampert.de\/?p=725#article","isPartOf":{"@id":"https:\/\/www.claudia-lampert.de\/?p=725"},"author":{"name":"CL","@id":"https:\/\/www.claudia-lampert.de\/#\/schema\/person\/d9a1e59b876efa33489dac1efc9bc1da"},"headline":"EU Kids Online in Berlin","datePublished":"2019-09-20T09:21:29+00:00","dateModified":"2023-08-23T14:00:54+00:00","mainEntityOfPage":{"@id":"https:\/\/www.claudia-lampert.de\/?p=725"},"wordCount":82,"publisher":{"@id":"https:\/\/www.claudia-lampert.de\/#\/schema\/person\/d9a1e59b876efa33489dac1efc9bc1da"},"keywords":["EUKidsOnline","Kinder und Medien","Studie"],"inLanguage":"de"},{"@type":"WebPage","@id":"https:\/\/www.claudia-lampert.de\/?p=725","url":"https:\/\/www.claudia-lampert.de\/?p=725","name":"EU Kids Online in Berlin - Claudia Lampert","isPartOf":{"@id":"https:\/\/www.claudia-lampert.de\/#website"},"datePublished":"2019-09-20T09:21:29+00:00","dateModified":"2023-08-23T14:00:54+00:00","breadcrumb":{"@id":"https:\/\/www.claudia-lampert.de\/?p=725#breadcrumb"},"inLanguage":"de","potentialAction":[{"@type":"ReadAction","target":["https:\/\/www.claudia-lampert.de\/?p=725"]}]},{"@type":"BreadcrumbList","@id":"https:\/\/www.claudia-lampert.de\/?p=725#breadcrumb","itemListElement":[{"@type":"ListItem","position":1,"name":"Startseite","item":"https:\/\/www.claudia-lampert.de\/"},{"@type":"ListItem","position":2,"name":"EU Kids Online in Berlin"}]},{"@type":"WebSite","@id":"https:\/\/www.claudia-lampert.de\/#website","url":"https:\/\/www.claudia-lampert.de\/","name":"Claudia Lampert","description":"","publisher":{"@id":"https:\/\/www.claudia-lampert.de\/#\/schema\/person\/d9a1e59b876efa33489dac1efc9bc1da"},"potentialAction":[{"@type":"SearchAction","target":{"@type":"EntryPoint","urlTemplate":"https:\/\/www.claudia-lampert.de\/?s={search_term_string}"},"query-input":"required name=search_term_string"}],"inLanguage":"de"},{"@type":["Person","Organization"],"@id":"https:\/\/www.claudia-lampert.de\/#\/schema\/person\/d9a1e59b876efa33489dac1efc9bc1da","name":"CL","image":{"@type":"ImageObject","inLanguage":"de","@id":"https:\/\/www.claudia-lampert.de\/#\/schema\/person\/image\/","url":"https:\/\/www.claudia-lampert.de\/wp-content\/uploads\/2020\/04\/logo_cl-scaled.jpg","contentUrl":"https:\/\/www.claudia-lampert.de\/wp-content\/uploads\/2020\/04\/logo_cl-scaled.jpg","width":2414,"height":2560,"caption":"CL"},"logo":{"@id":"https:\/\/www.claudia-lampert.de\/#\/schema\/person\/image\/"},"url":"https:\/\/www.claudia-lampert.de\/?author=1"}]}},"_links":{"self":[{"href":"https:\/\/www.claudia-lampert.de\/index.php?rest_route=\/wp\/v2\/posts\/725"}],"collection":[{"href":"https:\/\/www.claudia-lampert.de\/index.php?rest_route=\/wp\/v2\/posts"}],"about":[{"href":"https:\/\/www.claudia-lampert.de\/index.php?rest_route=\/wp\/v2\/types\/post"}],"author":[{"embeddable":true,"href":"https:\/\/www.claudia-lampert.de\/index.php?rest_route=\/wp\/v2\/users\/1"}],"replies":[{"embeddable":true,"href":"https:\/\/www.claudia-lampert.de\/index.php?rest_route=%2Fwp%2Fv2%2Fcomments&post=725"}],"version-history":[{"count":2,"href":"https:\/\/www.claudia-lampert.de\/index.php?rest_route=\/wp\/v2\/posts\/725\/revisions"}],"predecessor-version":[{"id":1406,"href":"https:\/\/www.claudia-lampert.de\/index.php?rest_route=\/wp\/v2\/posts\/725\/revisions\/1406"}],"wp:featuredmedia":[{"embeddable":true,"href":"https:\/\/www.claudia-lampert.de\/index.php?rest_route=\/wp\/v2\/media\/729"}],"wp:attachment":[{"href":"https:\/\/www.claudia-lampert.de\/index.php?rest_route=%2Fwp%2Fv2%2Fmedia&parent=725"}],"wp:term":[{"taxonomy":"category","embeddable":true,"href":"https:\/\/www.claudia-lampert.de\/index.php?rest_route=%2Fwp%2Fv2%2Fcategories&post=725"},{"taxonomy":"post_tag","embeddable":true,"href":"https:\/\/www.claudia-lampert.de\/index.php?rest_route=%2Fwp%2Fv2%2Ftags&post=725"}],"curies":[{"name":"wp","href":"https:\/\/api.w.org\/{rel}","templated":true}]}}